{"id":215871,"date":"2022-07-02T11:23:00","date_gmt":"2022-07-02T09:23:00","guid":{"rendered":"https:\/\/www.szulokhaza.hu\/kamaraerdo\/?p=215871"},"modified":"2022-08-02T11:24:28","modified_gmt":"2022-08-02T09:24:28","slug":"%f0%9f%8c%8fot-nap-alatt-a-fold-korul%f0%9f%8c%8f","status":"publish","type":"post","link":"https:\/\/www.szulokhaza.hu\/kamaraerdo\/%f0%9f%8c%8fot-nap-alatt-a-fold-korul%f0%9f%8c%8f\/","title":{"rendered":"\ud83c\udf0f\u00d6t nap alatt a F\u00f6ld k\u00f6r\u00fcl\ud83c\udf0f"},"content":{"rendered":"\n[et_pb_section fb_built=&#8221;1&#8243; theme_builder_area=&#8221;post_content&#8221; _builder_version=&#8221;4.17.6&#8243; _module_preset=&#8221;default&#8221;][et_pb_row _builder_version=&#8221;4.17.6&#8243; _module_preset=&#8221;default&#8221; theme_builder_area=&#8221;post_content&#8221;][et_pb_column _builder_version=&#8221;4.17.6&#8243; _module_preset=&#8221;default&#8221; type=&#8221;4_4&#8243; theme_builder_area=&#8221;post_content&#8221;][et_pb_text _builder_version=&#8221;4.17.6&#8243; _module_preset=&#8221;default&#8221; theme_builder_area=&#8221;post_content&#8221; hover_enabled=&#8221;0&#8243; sticky_enabled=&#8221;0&#8243;]<p>Mozgalmasan telt a Napk\u00f6zis t\u00e1bor els\u0151 hete, amely az \ud83c\udf0f\u00d6t nap alatt a F\u00f6ld k\u00f6r\u00fcl\ud83c\udf0fprogram nevet kapta.<\/p>\n<p>A gyerekekhez sorra \u00e9rkeztek a l\u00e1togat\u00f3k, akik \u00e9rdekesebbn\u00e9l kreat\u00edvabb programmal foglalt\u00e1k le a zsizseg\u0151 gyermekeket.<\/p>\n<p><img loading=\"lazy\" decoding=\"async\" src=\"https:\/\/szulokhaza.hu\/wp-content\/uploads\/2022\/07\/5nap-alatt-a-Fold-korul-Regos-Judit-300x225.jpg\" width=\"300\" height=\"225\" alt=\"\" class=\"wp-image-1889 alignnone size-medium\" style=\"float: left;\" \/>A t\u00e1bor nyit\u00f3 programjak\u00e9nt <strong>Reg\u0151s Judit<\/strong> \u00fclt le a kicsik k\u00f6z\u00e9 \u00e9s az ENSZ m\u0171k\u00f6d\u00e9s\u00e9r\u0151l osztott meg n\u00e9h\u00e1ny \u00e9rdekes dolgot a hallgat\u00f3s\u00e1ggal. \u00a0Az el\u0151ad\u00e1st egy kv\u00edzj\u00e1t\u00e9k z\u00e1rta, amiben a gyerekek lelkesen vettek r\u00e9szt, \u00e9s sz\u00e1munkra is meglep\u0151 m\u00f3don okosabbn\u00e1l okosabb v\u00e1laszokat adtak, k\u00f6z\u00fcl\u00fck egy 6 \u00e9ves kisl\u00e1ny volt, aki a legt\u00f6bb j\u00f3 v\u00e1laszt tudta a t\u00e9m\u00e1r\u00f3l. A gyerekek m\u00e9g azt is tudt\u00e1k, hogy a Sz\u00fcl\u0151k H\u00e1za K\u00f6zhaszn\u00fa Alap\u00edtv\u00e1ny tagja-e a az ENSZ ECOSOC bizotts\u00e1gnak. Minden helyes v\u00e1lasz pecs\u00e9tet \u00e9rt a csapat tagok sz\u00e1m\u00e1ra, amiket az <span style=\"color: #fc9010;\"><strong>\u00d6t nap alatt a f\u00f6ld k\u00f6r\u00fcl<\/strong><\/span> t\u00e9m\u00e1j\u00fa het\u00fcnk eg\u00e9sz tartama alatt gy\u0171jt\u00f6gethettek a t\u00e1boroz\u00f3k a k\u00fcl\u00f6nb\u00f6z\u0151 programok alkalm\u00e1val. A legjobban teljes\u00edt\u0151 csapat az utols\u00f3 napon k\u00fcl\u00f6nleges t\u00e1bori csemeg\u00e9t kapott, a f\u00e9nyk\u00e9pes oklev\u00e9l mellett mely egy kis eml\u00e9k\u00fcl szolg\u00e1lt az egy\u00fctt t\u00f6lt\u00f6tt id\u0151r\u0151l. Nem volt neh\u00e9z a versenyszellemet \u00e9letben tartani, a gyerekeknek folyamatos volt az \u00e9rdekl\u0151d\u00e9se azut\u00e1n, hogy mi\u00e9rt lehet pecs\u00e9tet kapni, hogy ezzel biztos\u00edts\u00e1k a saj\u00e1t csapatuk gy\u0151zelm\u00e9t a t\u00e1bori h\u00e9t v\u00e9g\u00e9n. K\u00f6vetkez\u0151 l\u00e1togat\u00f3k\u00e9nt <strong>Bisztrics\u00e1ny Linda<\/strong> \u00e9rkezett a t\u00e1borba \u00e9s a t\u0151le megszokott m\u00f3don zen\u00e9s foglalkoz\u00e1sra invit\u00e1lta a t\u00e1boroz\u00f3kat.\u00a0 Linda k\u00fcl\u00f6nb\u00f6z\u0151 orsz\u00e1gr\u00e9szek saj\u00e1toss\u00e1gait mutatta be a zen\u00e9n kereszt\u00fcl. Mes\u00e9lt arr\u00f3l, hogy milyen elt\u00e9r\u0151 kult\u00far\u00e1j\u00fa t\u00f6rzsek \u00e9lnek m\u00e9g a f\u00f6ld bolyg\u00f3nkon, \u00e9s megismertette a fiatal hallgat\u00f3s\u00e1got a t\u00f6rzsek k\u00fcl\u00f6nlegesen saj\u00e1tos zen\u00e9j\u00e9vel, t\u00e1nc\u00e1val. Aki kedvet \u00e9rzett \u00e9nekelhetett, t\u00e1ncolhatott az \u00fajonnan megismert dallamokra.<\/p>[\/et_pb_text][\/et_pb_column][\/et_pb_row][et_pb_row _builder_version=&#8221;4.17.6&#8243; _module_preset=&#8221;default&#8221; column_structure=&#8221;1_4,1_4,1_4,1_4&#8243; theme_builder_area=&#8221;post_content&#8221;][et_pb_column _builder_version=&#8221;4.17.6&#8243; _module_preset=&#8221;default&#8221; type=&#8221;1_4&#8243; theme_builder_area=&#8221;post_content&#8221;][et_pb_image src=&#8221;https:\/\/www.szulokhaza.hu\/kamaraerdo\/wp-content\/uploads\/2022\/08\/5nap-alatt-a-Fold-korul-Lindaval.jpg&#8221; _builder_version=&#8221;4.17.6&#8243; _module_preset=&#8221;default&#8221; theme_builder_area=&#8221;post_content&#8221; hover_enabled=&#8221;0&#8243; sticky_enabled=&#8221;0&#8243; title_text=&#8221;5nap alatt a F\u00f6ld k\u00f6r\u00fcl &#8211; Lind\u00e1val&#8221;][\/et_pb_image][\/et_pb_column][et_pb_column _builder_version=&#8221;4.17.6&#8243; _module_preset=&#8221;default&#8221; type=&#8221;1_4&#8243; theme_builder_area=&#8221;post_content&#8221;][et_pb_image src=&#8221;https:\/\/www.szulokhaza.hu\/kamaraerdo\/wp-content\/uploads\/2022\/08\/5nap-alatt-a-Fold-korul-Lindaval-2.jpg&#8221; _builder_version=&#8221;4.17.6&#8243; _module_preset=&#8221;default&#8221; theme_builder_area=&#8221;post_content&#8221; hover_enabled=&#8221;0&#8243; sticky_enabled=&#8221;0&#8243; title_text=&#8221;5nap alatt a F\u00f6ld k\u00f6r\u00fcl &#8211; Lind\u00e1val 2&#8243;][\/et_pb_image][\/et_pb_column][et_pb_column _builder_version=&#8221;4.17.6&#8243; _module_preset=&#8221;default&#8221; type=&#8221;1_4&#8243; theme_builder_area=&#8221;post_content&#8221;][et_pb_image src=&#8221;https:\/\/www.szulokhaza.hu\/kamaraerdo\/wp-content\/uploads\/2022\/08\/5nap-alatt-a-Fold-korul-Lindaval-6.jpg&#8221; _builder_version=&#8221;4.17.6&#8243; _module_preset=&#8221;default&#8221; theme_builder_area=&#8221;post_content&#8221; hover_enabled=&#8221;0&#8243; sticky_enabled=&#8221;0&#8243; title_text=&#8221;5nap alatt a F\u00f6ld k\u00f6r\u00fcl &#8211; Lind\u00e1val 6&#8243;][\/et_pb_image][\/et_pb_column][et_pb_column _builder_version=&#8221;4.17.6&#8243; _module_preset=&#8221;default&#8221; type=&#8221;1_4&#8243; theme_builder_area=&#8221;post_content&#8221;][et_pb_image src=&#8221;https:\/\/www.szulokhaza.hu\/kamaraerdo\/wp-content\/uploads\/2022\/08\/5nap-alatt-a-Fold-korul-Lindaval-3.jpg&#8221; _builder_version=&#8221;4.17.6&#8243; _module_preset=&#8221;default&#8221; theme_builder_area=&#8221;post_content&#8221; hover_enabled=&#8221;0&#8243; sticky_enabled=&#8221;0&#8243; title_text=&#8221;5nap alatt a F\u00f6ld k\u00f6r\u00fcl &#8211; Lind\u00e1val 3&#8243;][\/et_pb_image][\/et_pb_column][\/et_pb_row][et_pb_row _builder_version=&#8221;4.17.6&#8243; _module_preset=&#8221;default&#8221; theme_builder_area=&#8221;post_content&#8221;][et_pb_column _builder_version=&#8221;4.17.6&#8243; _module_preset=&#8221;default&#8221; type=&#8221;4_4&#8243; theme_builder_area=&#8221;post_content&#8221;][et_pb_text _builder_version=&#8221;4.17.6&#8243; _module_preset=&#8221;default&#8221; theme_builder_area=&#8221;post_content&#8221; hover_enabled=&#8221;0&#8243; sticky_enabled=&#8221;0&#8243;]<p><span style=\"font-size: 16px;\">Ezut\u00e1n <strong>Melinda<\/strong> \u00e9rkezett a t\u00e1borba, aki a k\u00f6zvetlen k\u00f6rnyezethez kapcsol\u00f3d\u00f3an j\u00e1t\u00e9kos feladat keret\u00e9ben felfedez\u00e9sre h\u00edvta az ifj\u00fas\u00e1got. Megtapasztaltuk milyen k\u00fcl\u00f6nbs\u00e9g van kavicson vagy homokon s\u00e9t\u00e1l\u00e1s k\u00f6zben, milyen \u00e9rz\u00e9s egy fah\u00e1ncshoz \u00e9rni, vagy a v\u00edz, s\u00e1r, f\u0171 \u00e9rint\u00e9se. Ez a program a gyermekek \u00fagynevezett szenzomotoros fejleszt\u00e9s\u00e9t c\u00e9lozta meg mely az idegrendszer \u00e9r\u00e9s\u00e9t el\u0151seg\u00edt\u0151 nagy- \u00e9s finommozg\u00e1st fejleszt\u0151 ter\u00e1pia.<\/span><\/p>[\/et_pb_text][\/et_pb_column][\/et_pb_row][et_pb_row _builder_version=&#8221;4.17.6&#8243; _module_preset=&#8221;default&#8221; column_structure=&#8221;1_4,1_4,1_4,1_4&#8243; theme_builder_area=&#8221;post_content&#8221;][et_pb_column _builder_version=&#8221;4.17.6&#8243; _module_preset=&#8221;default&#8221; type=&#8221;1_4&#8243; theme_builder_area=&#8221;post_content&#8221;][et_pb_image _builder_version=&#8221;4.17.6&#8243; _module_preset=&#8221;default&#8221; theme_builder_area=&#8221;post_content&#8221; hover_enabled=&#8221;0&#8243; sticky_enabled=&#8221;0&#8243; title_text=&#8221;5nap alatt a F\u00f6ld k\u00f6r\u00fcl &#8211; Melinda 1&#8243; src=&#8221;https:\/\/www.szulokhaza.hu\/kamaraerdo\/wp-content\/uploads\/2022\/08\/5nap-alatt-a-Fold-korul-Melinda-1.jpg&#8221;][\/et_pb_image][\/et_pb_column][et_pb_column _builder_version=&#8221;4.17.6&#8243; _module_preset=&#8221;default&#8221; type=&#8221;1_4&#8243; theme_builder_area=&#8221;post_content&#8221;][et_pb_image _builder_version=&#8221;4.17.6&#8243; _module_preset=&#8221;default&#8221; theme_builder_area=&#8221;post_content&#8221; hover_enabled=&#8221;0&#8243; sticky_enabled=&#8221;0&#8243; title_text=&#8221;5nap alatt a F\u00f6ld k\u00f6r\u00fcl &#8211; Melinda 2&#8243; src=&#8221;https:\/\/www.szulokhaza.hu\/kamaraerdo\/wp-content\/uploads\/2022\/08\/5nap-alatt-a-Fold-korul-Melinda-2.jpg&#8221;][\/et_pb_image][\/et_pb_column][et_pb_column _builder_version=&#8221;4.17.6&#8243; _module_preset=&#8221;default&#8221; type=&#8221;1_4&#8243; theme_builder_area=&#8221;post_content&#8221;][et_pb_image _builder_version=&#8221;4.17.6&#8243; _module_preset=&#8221;default&#8221; theme_builder_area=&#8221;post_content&#8221; hover_enabled=&#8221;0&#8243; sticky_enabled=&#8221;0&#8243; title_text=&#8221;5nap alatt a F\u00f6ld k\u00f6r\u00fcl &#8211; Melinda 8&#8243; src=&#8221;https:\/\/www.szulokhaza.hu\/kamaraerdo\/wp-content\/uploads\/2022\/08\/5nap-alatt-a-Fold-korul-Melinda-8.jpg&#8221;][\/et_pb_image][\/et_pb_column][et_pb_column _builder_version=&#8221;4.17.6&#8243; _module_preset=&#8221;default&#8221; type=&#8221;1_4&#8243; theme_builder_area=&#8221;post_content&#8221;][et_pb_image _builder_version=&#8221;4.17.6&#8243; _module_preset=&#8221;default&#8221; theme_builder_area=&#8221;post_content&#8221; hover_enabled=&#8221;0&#8243; sticky_enabled=&#8221;0&#8243; title_text=&#8221;5nap alatt a F\u00f6ld k\u00f6r\u00fcl &#8211; Melinda 10&#8243; src=&#8221;https:\/\/www.szulokhaza.hu\/kamaraerdo\/wp-content\/uploads\/2022\/08\/5nap-alatt-a-Fold-korul-Melinda-10.jpg&#8221;][\/et_pb_image][\/et_pb_column][\/et_pb_row][et_pb_row _builder_version=&#8221;4.17.6&#8243; _module_preset=&#8221;default&#8221; theme_builder_area=&#8221;post_content&#8221;][et_pb_column _builder_version=&#8221;4.17.6&#8243; _module_preset=&#8221;default&#8221; type=&#8221;4_4&#8243; theme_builder_area=&#8221;post_content&#8221;][et_pb_text _builder_version=&#8221;4.17.6&#8243; _module_preset=&#8221;default&#8221; theme_builder_area=&#8221;post_content&#8221; hover_enabled=&#8221;0&#8243; sticky_enabled=&#8221;0&#8243;]<p>A t\u00e1bor z\u00e1r\u00f3programjak\u00e9nt <strong>Julcsa<\/strong> a minimuzsika foglalkoz\u00e1st tart\u00f3 seg\u00edt\u0151nk \u00e9rkezett a F\u00f6ld t\u00e9m\u00e1j\u00fa t\u00e1bori h\u00e9tre, aki egy fant\u00e1zia f\u00f6ldr\u00e9sz kital\u00e1l\u00e1s\u00e1t adta feladatnak a gyerekseregnek. A csapatok k\u00e9t k\u00fcl\u00f6nb\u00f6z\u0151k\u00e9ppen \u00e9rdekes fant\u00e1zia helyet tal\u00e1lt ki, amit egy \u00f3ri\u00e1si lapra rajzoltak le, melyen bemutatt\u00e1k, hogy az elk\u00e9pzel\u00e9seik alapj\u00e1n mi jellemz\u0151 a l\u00e9trehozott helyre, milyen kult\u00far\u00e1t k\u00e9pzeltek el, vagy p\u00e9ld\u00e1ul milyen emberek lakj\u00e1k. Az egyik k\u00e9pzeletbeli f\u00f6ldr\u00e9sz neve <em><span style=\"color: #fc9010;\"><strong>Szodicska-P\u00e1lmafa-sziget<\/strong><\/span><\/em> volt a m\u00e1sik\u00e9 <span style=\"color: #fc9010;\"><em><strong>Irandia<\/strong><\/em><\/span>.<\/p>[\/et_pb_text][\/et_pb_column][\/et_pb_row][et_pb_row _builder_version=&#8221;4.17.6&#8243; _module_preset=&#8221;default&#8221; column_structure=&#8221;1_4,1_4,1_4,1_4&#8243; theme_builder_area=&#8221;post_content&#8221;][et_pb_column _builder_version=&#8221;4.17.6&#8243; _module_preset=&#8221;default&#8221; type=&#8221;1_4&#8243; theme_builder_area=&#8221;post_content&#8221;][et_pb_image _builder_version=&#8221;4.17.6&#8243; _module_preset=&#8221;default&#8221; theme_builder_area=&#8221;post_content&#8221; hover_enabled=&#8221;0&#8243; sticky_enabled=&#8221;0&#8243; title_text=&#8221;5nap alatt a F\u00f6ld k\u00f6r\u00fcl &#8211; Julcsa&#8221; src=&#8221;https:\/\/www.szulokhaza.hu\/kamaraerdo\/wp-content\/uploads\/2022\/08\/5nap-alatt-a-Fold-korul-Julcsa.jpg&#8221;][\/et_pb_image][\/et_pb_column][et_pb_column _builder_version=&#8221;4.17.6&#8243; _module_preset=&#8221;default&#8221; type=&#8221;1_4&#8243; theme_builder_area=&#8221;post_content&#8221;][et_pb_image _builder_version=&#8221;4.17.6&#8243; _module_preset=&#8221;default&#8221; theme_builder_area=&#8221;post_content&#8221; hover_enabled=&#8221;0&#8243; sticky_enabled=&#8221;0&#8243; title_text=&#8221;5nap alatt a F\u00f6ld k\u00f6r\u00fcl &#8211; Julcsa 2&#8243; src=&#8221;https:\/\/www.szulokhaza.hu\/kamaraerdo\/wp-content\/uploads\/2022\/08\/5nap-alatt-a-Fold-korul-Julcsa-2.jpg&#8221;][\/et_pb_image][\/et_pb_column][et_pb_column _builder_version=&#8221;4.17.6&#8243; _module_preset=&#8221;default&#8221; type=&#8221;1_4&#8243; theme_builder_area=&#8221;post_content&#8221;][et_pb_image _builder_version=&#8221;4.17.6&#8243; _module_preset=&#8221;default&#8221; theme_builder_area=&#8221;post_content&#8221; hover_enabled=&#8221;0&#8243; sticky_enabled=&#8221;0&#8243; title_text=&#8221;5nap alatt a F\u00f6ld k\u00f6r\u00fcl &#8211; Julcsa 6&#8243; src=&#8221;https:\/\/www.szulokhaza.hu\/kamaraerdo\/wp-content\/uploads\/2022\/08\/5nap-alatt-a-Fold-korul-Julcsa-6.jpg&#8221;][\/et_pb_image][\/et_pb_column][et_pb_column _builder_version=&#8221;4.17.6&#8243; _module_preset=&#8221;default&#8221; type=&#8221;1_4&#8243; theme_builder_area=&#8221;post_content&#8221;][et_pb_image _builder_version=&#8221;4.17.6&#8243; _module_preset=&#8221;default&#8221; theme_builder_area=&#8221;post_content&#8221; hover_enabled=&#8221;0&#8243; sticky_enabled=&#8221;0&#8243; title_text=&#8221;5nap alatt a F\u00f6ld k\u00f6r\u00fcl &#8211; Julcsa5&#8243; src=&#8221;https:\/\/www.szulokhaza.hu\/kamaraerdo\/wp-content\/uploads\/2022\/08\/5nap-alatt-a-Fold-korul-Julcsa5-1.jpg&#8221;][\/et_pb_image][\/et_pb_column][\/et_pb_row][et_pb_row _builder_version=&#8221;4.17.6&#8243; _module_preset=&#8221;default&#8221; theme_builder_area=&#8221;post_content&#8221;][et_pb_column _builder_version=&#8221;4.17.6&#8243; _module_preset=&#8221;default&#8221; type=&#8221;4_4&#8243; theme_builder_area=&#8221;post_content&#8221;][et_pb_text _builder_version=&#8221;4.17.6&#8243; _module_preset=&#8221;default&#8221; theme_builder_area=&#8221;post_content&#8221; hover_enabled=&#8221;0&#8243; sticky_enabled=&#8221;0&#8243;]<p>A f\u0151 t\u00e1bori programok mellett, term\u00e9szetesen \u00fasztunk, k\u00e9zm\u0171veskedt\u00fcnk, ahol maszkok, legyez\u0151k \u00e9s pap\u00edrmas\u00e9 f\u00f6ldg\u00f6mb\u00f6k k\u00e9sz\u00fcltek az \u00fcgyeskez\u0171 gyermekek \u00e1ltal. A napk\u00f6zis t\u00e1bor z\u00e1r\u00e1sa az utols\u00f3 k\u00f6z\u00f6s eb\u00e9d \u00e9s a k\u00e9t csapat k\u00f6z\u00f6tti eredm\u00e9nyhirdet\u00e9se volt, ahol b\u00e1r szoros volt a verseny,de kihirdett\u00fck a leg\u00fcgyesebb csapatot, \u00e9s mindenki megkapta a t\u00e1bori oklevelet \u00e9s mosolyg\u00f3s csoport f\u00e9nyk\u00e9pet, amellyel a k\u00f6z\u00f6sen \u00e1t\u00e9lt \u00e9lm\u00e9nyekre tudnak majd visszaeml\u00e9kezni.<\/p>[\/et_pb_text][\/et_pb_column][\/et_pb_row][et_pb_row _builder_version=&#8221;4.17.6&#8243; _module_preset=&#8221;default&#8221; column_structure=&#8221;1_4,1_4,1_4,1_4&#8243; theme_builder_area=&#8221;post_content&#8221;][et_pb_column _builder_version=&#8221;4.17.6&#8243; _module_preset=&#8221;default&#8221; type=&#8221;1_4&#8243; theme_builder_area=&#8221;post_content&#8221;][et_pb_image _builder_version=&#8221;4.17.6&#8243; _module_preset=&#8221;default&#8221; theme_builder_area=&#8221;post_content&#8221; hover_enabled=&#8221;0&#8243; sticky_enabled=&#8221;0&#8243; title_text=&#8221;5nap alatt a F\u00f6ld k\u00f6r\u00fcl &#8211; kreat\u00edv4&#8243; src=&#8221;https:\/\/www.szulokhaza.hu\/kamaraerdo\/wp-content\/uploads\/2022\/08\/5nap-alatt-a-Fold-korul-kreativ4.jpg&#8221;][\/et_pb_image][\/et_pb_column][et_pb_column _builder_version=&#8221;4.17.6&#8243; _module_preset=&#8221;default&#8221; type=&#8221;1_4&#8243; theme_builder_area=&#8221;post_content&#8221;][et_pb_image _builder_version=&#8221;4.17.6&#8243; _module_preset=&#8221;default&#8221; theme_builder_area=&#8221;post_content&#8221; hover_enabled=&#8221;0&#8243; sticky_enabled=&#8221;0&#8243; title_text=&#8221;5nap alatt a F\u00f6ld k\u00f6r\u00fcl &#8211; strandolunk 2&#8243; src=&#8221;https:\/\/www.szulokhaza.hu\/kamaraerdo\/wp-content\/uploads\/2022\/08\/5nap-alatt-a-Fold-korul-strandolunk-2.jpg&#8221;][\/et_pb_image][\/et_pb_column][et_pb_column _builder_version=&#8221;4.17.6&#8243; _module_preset=&#8221;default&#8221; type=&#8221;1_4&#8243; theme_builder_area=&#8221;post_content&#8221;][et_pb_image _builder_version=&#8221;4.17.6&#8243; _module_preset=&#8221;default&#8221; theme_builder_area=&#8221;post_content&#8221; hover_enabled=&#8221;0&#8243; sticky_enabled=&#8221;0&#8243; title_text=&#8221;290791814_765685611270835_2030628308818430108_n&#8221; src=&#8221;https:\/\/www.szulokhaza.hu\/kamaraerdo\/wp-content\/uploads\/2022\/08\/290791814_765685611270835_2030628308818430108_n.jpg&#8221;][\/et_pb_image][\/et_pb_column][et_pb_column _builder_version=&#8221;4.17.6&#8243; _module_preset=&#8221;default&#8221; type=&#8221;1_4&#8243; theme_builder_area=&#8221;post_content&#8221;][et_pb_image _builder_version=&#8221;4.17.6&#8243; _module_preset=&#8221;default&#8221; theme_builder_area=&#8221;post_content&#8221; hover_enabled=&#8221;0&#8243; sticky_enabled=&#8221;0&#8243; title_text=&#8221;5nap alatt a F\u00f6ld k\u00f6r\u00fcl &#8211; b\u00facs\u00faz\u00e1s&#8221; src=&#8221;https:\/\/www.szulokhaza.hu\/kamaraerdo\/wp-content\/uploads\/2022\/08\/5nap-alatt-a-Fold-korul-bucsuzas.jpg&#8221;][\/et_pb_image][\/et_pb_column][\/et_pb_row][\/et_pb_section]\n","protected":false},"excerpt":{"rendered":"<p>Mozgalmasan telt a Napk\u00f6zis t\u00e1bor els\u0151 hete, amely az \ud83c\udf0f\u00d6t nap alatt a F\u00f6ld k\u00f6r\u00fcl\ud83c\udf0fprogram nevet kapta. A gyerekekhez sorra \u00e9rkeztek a l\u00e1togat\u00f3k, akik \u00e9rdekesebbn\u00e9l kreat\u00edvabb programmal foglalt\u00e1k le a zsizseg\u0151 gyermekeket. A t\u00e1bor nyit\u00f3 programjak\u00e9nt Reg\u0151s Judit \u00fclt le a kicsik k\u00f6z\u00e9 \u00e9s az ENSZ m\u0171k\u00f6d\u00e9s\u00e9r\u0151l osztott meg n\u00e9h\u00e1ny \u00e9rdekes dolgot a hallgat\u00f3s\u00e1ggal. \u00a0Az [&hellip;]<\/p>\n","protected":false},"author":8,"featured_media":215891,"comment_status":"open","ping_status":"open","sticky":false,"template":"","format":"standard","meta":{"_seopress_robots_primary_cat":"none","_seopress_titles_title":"\ud83c\udf0f\u00d6t nap alatt a F\u00f6ld k\u00f6r\u00fcl\ud83c\udf0f","_seopress_titles_desc":"A Sz\u00fcl\u0151k H\u00e1za Csal\u00e1d \u00e9s B\u00f6lcs\u0151de H\u00e1l\u00f3zat napk\u00f6zis t\u00e1bor\u00e1nak els\u0151  - \u00d6t nap alatt a F\u00f6ld k\u00f6r\u00fcl elnevez\u00e9s\u0171 het\u00e9nek program \u00e9s \u00e9lm\u00e9nybesz\u00e1mol\u00f3ja.","_seopress_robots_index":"","_et_pb_use_builder":"on","_et_pb_old_content":"","_et_gb_content_width":"1437","footnotes":""},"categories":[12],"tags":[28,31,27,29,21,34,33],"class_list":["post-215871","post","type-post","status-publish","format-standard","has-post-thumbnail","hentry","category-szh","tag-kamaraerdo","tag-kreativ-tabor","tag-napkozis-tabor-2022","tag-nyari-tabor","tag-szulok-haza","tag-szulok-haza-csalad-csaladi-kozpont-es-bocsode-halozat","tag-ot-nap-alatt-a-fold-korul"],"_links":{"self":[{"href":"https:\/\/www.szulokhaza.hu\/kamaraerdo\/wp-json\/wp\/v2\/posts\/215871","targetHints":{"allow":["GET"]}}],"collection":[{"href":"https:\/\/www.szulokhaza.hu\/kamaraerdo\/wp-json\/wp\/v2\/posts"}],"about":[{"href":"https:\/\/www.szulokhaza.hu\/kamaraerdo\/wp-json\/wp\/v2\/types\/post"}],"author":[{"embeddable":true,"href":"https:\/\/www.szulokhaza.hu\/kamaraerdo\/wp-json\/wp\/v2\/users\/8"}],"replies":[{"embeddable":true,"href":"https:\/\/www.szulokhaza.hu\/kamaraerdo\/wp-json\/wp\/v2\/comments?post=215871"}],"version-history":[{"count":6,"href":"https:\/\/www.szulokhaza.hu\/kamaraerdo\/wp-json\/wp\/v2\/posts\/215871\/revisions"}],"predecessor-version":[{"id":215898,"href":"https:\/\/www.szulokhaza.hu\/kamaraerdo\/wp-json\/wp\/v2\/posts\/215871\/revisions\/215898"}],"wp:featuredmedia":[{"embeddable":true,"href":"https:\/\/www.szulokhaza.hu\/kamaraerdo\/wp-json\/wp\/v2\/media\/215891"}],"wp:attachment":[{"href":"https:\/\/www.szulokhaza.hu\/kamaraerdo\/wp-json\/wp\/v2\/media?parent=215871"}],"wp:term":[{"taxonomy":"category","embeddable":true,"href":"https:\/\/www.szulokhaza.hu\/kamaraerdo\/wp-json\/wp\/v2\/categories?post=215871"},{"taxonomy":"post_tag","embeddable":true,"href":"https:\/\/www.szulokhaza.hu\/kamaraerdo\/wp-json\/wp\/v2\/tags?post=215871"}],"curies":[{"name":"wp","href":"https:\/\/api.w.org\/{rel}","templated":true}]}}